{"id":30308,"date":"2023-06-15T11:19:16","date_gmt":"2023-06-15T08:19:16","guid":{"rendered":"https:\/\/econutri-project.eu\/12-june-2023-inhort-contributes-to-the-1st-educational-field-day-oleszyce-poland\/"},"modified":"2023-06-15T11:19:16","modified_gmt":"2023-06-15T08:19:16","slug":"12-june-2023-inhort-contributes-to-the-1st-educational-field-day-oleszyce-poland","status":"publish","type":"post","link":"https:\/\/econutri-project.eu\/hu\/12-june-2023-inhort-contributes-to-the-1st-educational-field-day-oleszyce-poland\/","title":{"rendered":"12 June 2023 \u2013 InHort contributes to the 1st Educational Field Day, Oleszyce, Poland"},"content":{"rendered":"<div class=\"fusion-fullwidth fullwidth-box fusion-builder-row-1 fusion-flex-container has-pattern-background has-mask-background nonhundred-percent-fullwidth non-hundred-percent-height-scrolling\" style=\"--awb-border-radius-top-left:0px;--awb-border-radius-top-right:0px;--awb-border-radius-bottom-right:0px;--awb-border-radius-bottom-left:0px;--awb-flex-wrap:wrap;\" ><div class=\"fusion-builder-row fusion-row fusion-flex-align-items-flex-start fusion-flex-justify-content-center fusion-flex-content-wrap\" style=\"max-width:1310.4px;margin-left: calc(-4% \/ 2 );margin-right: calc(-4% \/ 2 );\"><div class=\"fusion-layout-column fusion_builder_column fusion-builder-column-0 fusion_builder_column_1_1 1_1 fusion-flex-column\" style=\"--awb-bg-size:cover;--awb-width-large:100%;--awb-margin-top-large:0px;--awb-spacing-right-large:1.92%;--awb-margin-bottom-large:0px;--awb-spacing-left-large:1.92%;--awb-width-medium:100%;--awb-spacing-right-medium:1.92%;--awb-spacing-left-medium:1.92%;--awb-width-small:100%;--awb-spacing-right-small:1.92%;--awb-spacing-left-small:1.92%;\"><div class=\"fusion-column-wrapper fusion-flex-justify-content-flex-start fusion-content-layout-column\"><div class=\"fusion-text fusion-text-1\"><p>On 12 June 2023, InHort researchers contributed to the 1st Educational Field Days (I Edukacyjne Dni Pola) in Oleszyce, Poland, with the presentation \u201cBiofertilizers as an Opportunity to Improve Crop Quality and Soil Fertility.\u201d<\/p>\n<p>The event was hosted by Zesp\u00f3\u0142 Szk\u00f3\u0142 Centrum Kszta\u0142cenia Rolniczego w Oleszycach, an agricultural education and vocational training school complex operating under Poland\u2019s Ministry of Agriculture and Rural Development.<\/p>\n<p>The presentation highlighted the potential of biofertilizers to improve soil fertility and crop quality, while supporting knowledge exchange between research, education, and agricultural practice.<\/p>\n<p>More details <a href=\"https:\/\/archiwalna.zsckroleszyce.pl\/i-edukacyjne-dni-pola-oleszyce-2023\/\">here<\/a>.<\/p>\n<\/div><\/div><\/div><div class=\"fusion-layout-column fusion_builder_column fusion-builder-column-1 fusion_builder_column_1_1 1_1 fusion-flex-column\" style=\"--awb-bg-size:cover;--awb-width-large:100%;--awb-margin-top-large:0px;--awb-spacing-right-large:1.92%;--awb-margin-bottom-large:10px;--awb-spacing-left-large:1.92%;--awb-width-medium:100%;--awb-order-medium:0;--awb-spacing-right-medium:1.92%;--awb-spacing-left-medium:1.92%;--awb-width-small:100%;--awb-order-small:0;--awb-spacing-right-small:1.92%;--awb-spacing-left-small:1.92%;\" data-scroll-devices=\"small-visibility,medium-visibility,large-visibility\"><div class=\"fusion-column-wrapper fusion-column-has-shadow fusion-flex-justify-content-flex-start fusion-content-layout-column\"><div class=\"fusion-title title fusion-title-1 fusion-sep-none fusion-title-center fusion-title-text fusion-title-size-four\"><h4 class=\"fusion-title-heading title-heading-center\" style=\"margin:0;\">Photos<\/h4><\/div><\/div><\/div><div class=\"fusion-layout-column fusion_builder_column fusion-builder-column-2 fusion_builder_column_1_2 1_2 fusion-flex-column\" style=\"--awb-bg-size:cover;--awb-width-large:50%;--awb-margin-top-large:0px;--awb-spacing-right-large:3.84%;--awb-margin-bottom-large:0px;--awb-spacing-left-large:3.84%;--awb-width-medium:50%;--awb-spacing-right-medium:3.84%;--awb-spacing-left-medium:3.84%;--awb-width-small:100%;--awb-spacing-right-small:1.92%;--awb-spacing-left-small:1.92%;\"><div class=\"fusion-column-wrapper fusion-flex-justify-content-flex-start fusion-content-layout-column\"><div class=\"fusion-image-element \" style=\"text-align:center;--awb-margin-bottom:50px;--awb-caption-title-font-family:var(--h2_typography-font-family);--awb-caption-title-font-weight:var(--h2_typography-font-weight);--awb-caption-title-font-style:var(--h2_typography-font-style);--awb-caption-title-size:var(--h2_typography-font-size);--awb-caption-title-transform:var(--h2_typography-text-transform);--awb-caption-title-line-height:var(--h2_typography-line-height);--awb-caption-title-letter-spacing:var(--h2_typography-letter-spacing);\"><span class=\" fusion-imageframe imageframe-none imageframe-1 hover-type-none\"><img decoding=\"async\" width=\"1600\" height=\"1080\" title=\"InHort contributes to the 1st Educational Field Day-2\" src=\"https:\/\/econutri-project.eu\/wp-content\/uploads\/2026\/03\/InHort-contributes-to-the-1st-Educational-Field-Day-2.jpg\" data-orig-src=\"https:\/\/econutri-project.eu\/wp-content\/uploads\/2026\/03\/InHort-contributes-to-the-1st-Educational-Field-Day-2.jpg\" alt class=\"lazyload img-responsive wp-image-30298\" srcset=\"data:image\/svg+xml,%3Csvg%20xmlns%3D%27http%3A%2F%2Fwww.w3.org%2F2000%2Fsvg%27%20width%3D%271600%27%20height%3D%271080%27%20viewBox%3D%270%200%201600%201080%27%3E%3Crect%20width%3D%271600%27%20height%3D%271080%27%20fill-opacity%3D%220%22%2F%3E%3C%2Fsvg%3E\" data-srcset=\"https:\/\/econutri-project.eu\/wp-content\/uploads\/2026\/03\/InHort-contributes-to-the-1st-Educational-Field-Day-2-200x135.jpg 200w, https:\/\/econutri-project.eu\/wp-content\/uploads\/2026\/03\/InHort-contributes-to-the-1st-Educational-Field-Day-2-400x270.jpg 400w, https:\/\/econutri-project.eu\/wp-content\/uploads\/2026\/03\/InHort-contributes-to-the-1st-Educational-Field-Day-2-600x405.jpg 600w, https:\/\/econutri-project.eu\/wp-content\/uploads\/2026\/03\/InHort-contributes-to-the-1st-Educational-Field-Day-2-800x540.jpg 800w, https:\/\/econutri-project.eu\/wp-content\/uploads\/2026\/03\/InHort-contributes-to-the-1st-Educational-Field-Day-2-1200x810.jpg 1200w, https:\/\/econutri-project.eu\/wp-content\/uploads\/2026\/03\/InHort-contributes-to-the-1st-Educational-Field-Day-2.jpg 1600w\" data-sizes=\"auto\" data-orig-sizes=\"(max-width: 640px) 100vw, 600px\" \/><\/span><\/div><\/div><\/div><\/div><\/div>\n","protected":false},"excerpt":{"rendered":"","protected":false},"author":1,"featured_media":30287,"comment_status":"closed","ping_status":"open","sticky":false,"template":"","format":"standard","meta":{"footnotes":""},"categories":[144],"tags":[],"table_tags":[],"class_list":["post-30308","post","type-post","status-publish","format-standard","has-post-thumbnail","hentry","category-news-hu"],"_links":{"self":[{"href":"https:\/\/econutri-project.eu\/hu\/wp-json\/wp\/v2\/posts\/30308"}],"collection":[{"href":"https:\/\/econutri-project.eu\/hu\/wp-json\/wp\/v2\/posts"}],"about":[{"href":"https:\/\/econutri-project.eu\/hu\/wp-json\/wp\/v2\/types\/post"}],"author":[{"embeddable":true,"href":"https:\/\/econutri-project.eu\/hu\/wp-json\/wp\/v2\/users\/1"}],"replies":[{"embeddable":true,"href":"https:\/\/econutri-project.eu\/hu\/wp-json\/wp\/v2\/comments?post=30308"}],"version-history":[{"count":0,"href":"https:\/\/econutri-project.eu\/hu\/wp-json\/wp\/v2\/posts\/30308\/revisions"}],"wp:featuredmedia":[{"embeddable":true,"href":"https:\/\/econutri-project.eu\/hu\/wp-json\/wp\/v2\/media\/30287"}],"wp:attachment":[{"href":"https:\/\/econutri-project.eu\/hu\/wp-json\/wp\/v2\/media?parent=30308"}],"wp:term":[{"taxonomy":"category","embeddable":true,"href":"https:\/\/econutri-project.eu\/hu\/wp-json\/wp\/v2\/categories?post=30308"},{"taxonomy":"post_tag","embeddable":true,"href":"https:\/\/econutri-project.eu\/hu\/wp-json\/wp\/v2\/tags?post=30308"},{"taxonomy":"table_tags","embeddable":true,"href":"https:\/\/econutri-project.eu\/hu\/wp-json\/wp\/v2\/table_tags?post=30308"}],"curies":[{"name":"wp","href":"https:\/\/api.w.org\/{rel}","templated":true}]}}